{"id":211,"date":"2019-02-21T13:00:40","date_gmt":"2019-02-21T12:00:40","guid":{"rendered":"https:\/\/ves-mswat.de\/?p=211"},"modified":"2019-02-21T13:06:29","modified_gmt":"2019-02-21T12:06:29","slug":"einladung-zum-jubilaeumstreffen-2019","status":"publish","type":"post","link":"https:\/\/ves-mswat.de\/?p=211","title":{"rendered":"Einladung zum Jubil\u00e4umstreffen 2019"},"content":{"rendered":"\n<p style=\"text-align: center;\"><b>f\u00fcr die Abiturjahrg\u00e4nge 1959, 1969, 1979, 1989, 1994, 1999, 2009<\/b><b><br \/><\/b><b><br \/><\/b><b>am Samstag, den 15.06.2019<\/b><b><br \/><\/b><b><br \/><\/b><b>in der Stadthalle Wattenscheid<\/b><!--more--><\/p>\n<p><a href=\"https:\/\/ves-mswat.de\/wp-content\/uploads\/2018\/01\/Logo_VES_alt.png\" data-rel=\"lightbox-image-0\" data-rl_title=\"\" data-rl_caption=\"\" title=\"\"><img loading=\"lazy\" decoding=\"async\" class=\"size-thumbnail wp-image-43 aligncenter\" src=\"https:\/\/ves-mswat.de\/wp-content\/uploads\/2018\/01\/Logo_VES_alt-150x114.png\" alt=\"\" width=\"150\" height=\"114\" \/><\/a>P R O G R A M M\u00a0<\/p>\n<table style=\"height: 154px;\">\n<tbody>\n<tr style=\"height: 32px;\">\n<td style=\"width: 93px; height: 32px;\">15.30 Uhr<\/td>\n<td style=\"width: 467px; height: 32px;\">F\u00fchrung durch die Schule<\/td>\n<\/tr>\n<tr style=\"height: 90px;\">\n<td style=\"width: 93px; height: 90px;\">16.30 Uhr\u00a0<\/td>\n<td style=\"width: 467px; height: 90px;\">\n<p>Veranstaltung in der Stadthalle\u00a0 mit kurzem Programm mit Musik und anderen\u00a0 Programmpunkten<\/p>\n<p>Anschlie\u00dfend Gelegenheit zum Plaudern<\/p>\n<\/td>\n<\/tr>\n<tr style=\"height: 32px;\">\n<td style=\"width: 93px; height: 32px;\">19.00 Uhr<\/td>\n<td style=\"width: 467px; height: 32px;\">Ende<\/td>\n<\/tr>\n<\/tbody>\n<\/table>\n<p>Wir wollen Bilder aus alten Zeiten zeigen. Wer sch\u00f6ne Bilder hat, m\u00f6ge sie mir schicken (m\u00f6glichst in digitaler Form). Wer seine Klasse\/Kurs informieren kann, m\u00f6ge sich ebenfalls bei mir melden.<br \/><br \/><\/p>\n<p>Ansprechpartner:<\/p>\n<p>Ulrich Zurwehn, Harenburg 20, 44869 Bochum, <a href=\"mailto:vorstand@ves-mswat.de\">vorstand@ves-mswat.de<\/a>; pensionierter Lehrer der M\u00e4rkischen Schule, Vorsitzender des Vereins der ehemaligen Sch\u00fcler und Sch\u00fclerinnen der M\u00e4rkischen Schule<\/p>\n","protected":false},"excerpt":{"rendered":"<p>Der Verein ehemaliger Sch\u00fcler l\u00e4dt alle ehemaligen Sch\u00fcler der M\u00e4rksichen Schule ein zum Jubil\u00e4umstreffen mit Schulf\u00fchrung und Rahmenprogramm am 15.06.2019 in der Stadthalle Wattenscheid.<\/p>\n","protected":false},"author":1,"featured_media":43,"comment_status":"closed","ping_status":"closed","sticky":false,"template":"","format":"standard","meta":{"footnotes":""},"categories":[1],"tags":[],"class_list":["post-211","post","type-post","status-publish","format-standard","has-post-thumbnail","hentry","category-allgemein"],"_links":{"self":[{"href":"https:\/\/ves-mswat.de\/index.php?rest_route=\/wp\/v2\/posts\/211","targetHints":{"allow":["GET"]}}],"collection":[{"href":"https:\/\/ves-mswat.de\/index.php?rest_route=\/wp\/v2\/posts"}],"about":[{"href":"https:\/\/ves-mswat.de\/index.php?rest_route=\/wp\/v2\/types\/post"}],"author":[{"embeddable":true,"href":"https:\/\/ves-mswat.de\/index.php?rest_route=\/wp\/v2\/users\/1"}],"replies":[{"embeddable":true,"href":"https:\/\/ves-mswat.de\/index.php?rest_route=%2Fwp%2Fv2%2Fcomments&post=211"}],"version-history":[{"count":8,"href":"https:\/\/ves-mswat.de\/index.php?rest_route=\/wp\/v2\/posts\/211\/revisions"}],"predecessor-version":[{"id":220,"href":"https:\/\/ves-mswat.de\/index.php?rest_route=\/wp\/v2\/posts\/211\/revisions\/220"}],"wp:featuredmedia":[{"embeddable":true,"href":"https:\/\/ves-mswat.de\/index.php?rest_route=\/wp\/v2\/media\/43"}],"wp:attachment":[{"href":"https:\/\/ves-mswat.de\/index.php?rest_route=%2Fwp%2Fv2%2Fmedia&parent=211"}],"wp:term":[{"taxonomy":"category","embeddable":true,"href":"https:\/\/ves-mswat.de\/index.php?rest_route=%2Fwp%2Fv2%2Fcategories&post=211"},{"taxonomy":"post_tag","embeddable":true,"href":"https:\/\/ves-mswat.de\/index.php?rest_route=%2Fwp%2Fv2%2Ftags&post=211"}],"curies":[{"name":"wp","href":"https:\/\/api.w.org\/{rel}","templated":true}]}}